{"id":604,"date":"2022-06-11T06:40:00","date_gmt":"2022-06-11T06:40:00","guid":{"rendered":"http:\/\/philippecharleux.fr\/?p=604"},"modified":"2022-06-12T06:45:52","modified_gmt":"2022-06-12T06:45:52","slug":"contes-des-jours-de-froidure","status":"publish","type":"post","link":"https:\/\/philippecharleux.fr\/?p=604","title":{"rendered":"Contes des jours de froidure."},"content":{"rendered":"\n<p> <\/p>\n\n\n\n<p>                                                             <img loading=\"lazy\" decoding=\"async\" width=\"150\" height=\"233\" class=\"wp-image-789\" style=\"width: 150px;\" src=\"http:\/\/philippecharleux.fr\/wp-content\/uploads\/2022\/06\/BNProdHevea_CharleuxAout2021HD-30-3-scaled-e1655014103646.jpg\" alt=\"\" srcset=\"https:\/\/philippecharleux.fr\/wp-content\/uploads\/2022\/06\/BNProdHevea_CharleuxAout2021HD-30-3-scaled-e1655014103646.jpg 1043w, https:\/\/philippecharleux.fr\/wp-content\/uploads\/2022\/06\/BNProdHevea_CharleuxAout2021HD-30-3-scaled-e1655014103646-193x300.jpg 193w, https:\/\/philippecharleux.fr\/wp-content\/uploads\/2022\/06\/BNProdHevea_CharleuxAout2021HD-30-3-scaled-e1655014103646-660x1024.jpg 660w, https:\/\/philippecharleux.fr\/wp-content\/uploads\/2022\/06\/BNProdHevea_CharleuxAout2021HD-30-3-scaled-e1655014103646-768x1192.jpg 768w, https:\/\/philippecharleux.fr\/wp-content\/uploads\/2022\/06\/BNProdHevea_CharleuxAout2021HD-30-3-scaled-e1655014103646-990x1536.jpg 990w\" sizes=\"auto, (max-width: 150px) 100vw, 150px\" \/><strong>Le<\/strong> vent aura beau souffler, la neige tourbillonner, la glace refroidir, les jours r\u00e9tr\u00e9cir, rien n&#8217;emp\u00eachera le chemin de se d\u00e9rouler! L\u00e0-bas, plus loin, se trouvent nos semblables. leurs histoires pour toutes les oreilles sont \u00e0 \u00e9couter bien au chaud.   Tout public, enfants \u00e0 partir de 10 ans \/ dur\u00e9e 1h<\/p>\n","protected":false},"excerpt":{"rendered":"<p>Le vent aura beau souffler, la neige tourbillonner, la glace refroidir, les jours r\u00e9tr\u00e9cir, rien n&#8217;emp\u00eachera le chemin de se d\u00e9rouler! L\u00e0-bas, plus loin, se trouvent nos semblables. leurs histoires pour toutes les oreilles sont \u00e0 \u00e9couter bien au chaud. Tout public, enfants \u00e0 partir de 10 ans \/ dur\u00e9e 1h<\/p>\n","protected":false},"author":2,"featured_media":789,"comment_status":"closed","ping_status":"open","sticky":false,"template":"","format":"gallery","meta":{"footnotes":""},"categories":[7],"tags":[],"class_list":["post-604","post","type-post","status-publish","format-gallery","has-post-thumbnail","hentry","category-spectacles-de-contes","post_format-post-format-gallery","et-bg-layout-dark","et-white-bg"],"_links":{"self":[{"href":"https:\/\/philippecharleux.fr\/index.php?rest_route=\/wp\/v2\/posts\/604","targetHints":{"allow":["GET"]}}],"collection":[{"href":"https:\/\/philippecharleux.fr\/index.php?rest_route=\/wp\/v2\/posts"}],"about":[{"href":"https:\/\/philippecharleux.fr\/index.php?rest_route=\/wp\/v2\/types\/post"}],"author":[{"embeddable":true,"href":"https:\/\/philippecharleux.fr\/index.php?rest_route=\/wp\/v2\/users\/2"}],"replies":[{"embeddable":true,"href":"https:\/\/philippecharleux.fr\/index.php?rest_route=%2Fwp%2Fv2%2Fcomments&post=604"}],"version-history":[{"count":6,"href":"https:\/\/philippecharleux.fr\/index.php?rest_route=\/wp\/v2\/posts\/604\/revisions"}],"predecessor-version":[{"id":791,"href":"https:\/\/philippecharleux.fr\/index.php?rest_route=\/wp\/v2\/posts\/604\/revisions\/791"}],"wp:featuredmedia":[{"embeddable":true,"href":"https:\/\/philippecharleux.fr\/index.php?rest_route=\/wp\/v2\/media\/789"}],"wp:attachment":[{"href":"https:\/\/philippecharleux.fr\/index.php?rest_route=%2Fwp%2Fv2%2Fmedia&parent=604"}],"wp:term":[{"taxonomy":"category","embeddable":true,"href":"https:\/\/philippecharleux.fr\/index.php?rest_route=%2Fwp%2Fv2%2Fcategories&post=604"},{"taxonomy":"post_tag","embeddable":true,"href":"https:\/\/philippecharleux.fr\/index.php?rest_route=%2Fwp%2Fv2%2Ftags&post=604"}],"curies":[{"name":"wp","href":"https:\/\/api.w.org\/{rel}","templated":true}]}}